{"id":721,"date":"2021-02-01T07:00:00","date_gmt":"2021-02-01T05:00:00","guid":{"rendered":"http:\/\/eden-life.ch\/?p=721"},"modified":"2021-01-27T12:08:14","modified_gmt":"2021-01-27T10:08:14","slug":"einen-menschen-erziehen-heist-ihm-zu-sich-selbst-verhelfen","status":"publish","type":"post","link":"https:\/\/eden-life.ch\/?p=721","title":{"rendered":"\u201eEinen Menschen erziehen hei\u00dft, ihm zu sich selbst verhelfen.\u201c"},"content":{"rendered":"\n<p>Wir haben 3 Kinder, die inzwischen aus dem Gr\u00f6bsten raus sind, wie man so sch\u00f6n sagt. Zwei sind mittlerweile aus dem Haus, der Dritte steckt mitten in der Pubert\u00e4t. Wenn ich an die letzten Jahre mit den Kindern zur\u00fcckdenke, habe ich sehr sch\u00f6ne Zeiten vor Augen aber auch sehr, sehr anstrengende. \u2013 Was war eigentlich so anstrengend?<\/p>\n\n\n\n<p>R\u00fcckblickend war es dann sehr erm\u00fcdend, wenn ich versucht habe, meinen Kindern MEINE Vorstellungen vom Leben und der Welt zu vermitteln. Vor allem in der Zeit, in der sie sich entwicklungsbedingt von uns Eltern abnabeln &#8211; sprich in der Teenie-Zeit.<\/p>\n\n\n\n<p>Wie gut hat es dann getan, wenn ich mir vor Augen gef\u00fchrt habe, dass es einen liebenden Gott gibt, der meine Kinder wunderbar und einzigartig gemacht hat (nachzulesen in Psalm 139, Vers 14) und ich sie im Gebet in seine Obhut \u00fcbergeben und loslassen konnte. ER st\u00fclpt ihnen nichts \u00fcber, sondern m\u00f6chte das, was er in sie hineingelegt hat zur vollen Entfaltung bringen. \u2013 Das ist es letztlich auch, was ich mir als Vater w\u00fcnsche: dass meine Kinder \u201eihr Ding\u201c machen und sie in ihre Bestimmung von Gott hineinfinden.<\/p>\n\n\n\n<p>Euer <a href=\"https:\/\/www.eden-training.ch\/ueber-uns\/trainer-coaches\/thorsten-leiner\/\">Thorsten<\/a><\/p>\n","protected":false},"excerpt":{"rendered":"<p>Wir haben 3 Kinder, die inzwischen aus dem Gr\u00f6bsten raus sind, wie man so sch\u00f6n sagt. Zwei sind mittlerweile aus dem Haus, der Dritte steckt mitten in der Pubert\u00e4t. Wenn ich an die letzten Jahre mit den Kindern zur\u00fcckdenke, habe ich sehr sch\u00f6ne Zeiten vor Augen aber auch sehr, sehr anstrengende. \u2013 Was war eigentlich so anstrengend? R\u00fcckblickend war es&nbsp;&hellip;<\/p>\n","protected":false},"author":2,"featured_media":722,"comment_status":"open","ping_status":"open","sticky":false,"template":"","format":"standard","meta":[],"categories":[1],"tags":[],"_links":{"self":[{"href":"https:\/\/eden-life.ch\/index.php?rest_route=\/wp\/v2\/posts\/721"}],"collection":[{"href":"https:\/\/eden-life.ch\/index.php?rest_route=\/wp\/v2\/posts"}],"about":[{"href":"https:\/\/eden-life.ch\/index.php?rest_route=\/wp\/v2\/types\/post"}],"author":[{"embeddable":true,"href":"https:\/\/eden-life.ch\/index.php?rest_route=\/wp\/v2\/users\/2"}],"replies":[{"embeddable":true,"href":"https:\/\/eden-life.ch\/index.php?rest_route=%2Fwp%2Fv2%2Fcomments&post=721"}],"version-history":[{"count":1,"href":"https:\/\/eden-life.ch\/index.php?rest_route=\/wp\/v2\/posts\/721\/revisions"}],"predecessor-version":[{"id":723,"href":"https:\/\/eden-life.ch\/index.php?rest_route=\/wp\/v2\/posts\/721\/revisions\/723"}],"wp:featuredmedia":[{"embeddable":true,"href":"https:\/\/eden-life.ch\/index.php?rest_route=\/wp\/v2\/media\/722"}],"wp:attachment":[{"href":"https:\/\/eden-life.ch\/index.php?rest_route=%2Fwp%2Fv2%2Fmedia&parent=721"}],"wp:term":[{"taxonomy":"category","embeddable":true,"href":"https:\/\/eden-life.ch\/index.php?rest_route=%2Fwp%2Fv2%2Fcategories&post=721"},{"taxonomy":"post_tag","embeddable":true,"href":"https:\/\/eden-life.ch\/index.php?rest_route=%2Fwp%2Fv2%2Ftags&post=721"}],"curies":[{"name":"wp","href":"https:\/\/api.w.org\/{rel}","templated":true}]}}