{"id":690,"date":"2020-05-01T06:00:06","date_gmt":"2020-05-01T04:00:06","guid":{"rendered":"http:\/\/eden-life.ch\/?p=690"},"modified":"2020-04-30T10:36:24","modified_gmt":"2020-04-30T08:36:24","slug":"trainerpost-mai-von-tim-seefeld-lasst-uns-dankbar-sein-fur-die-menschen-die-uns-inspirieren-sie-sind-die-charmanten-gartner-die-unsere-seelen-zum-bluhen-bringen","status":"publish","type":"post","link":"https:\/\/eden-life.ch\/?p=690","title":{"rendered":"Trainerpost Mai von Tim Seefeld &#8211; Lasst uns dankbar sein f\u00fcr die Menschen die uns inspirieren. Sie sind die charmanten G\u00e4rtner, die unsere Seelen zum Bl\u00fchen bringen."},"content":{"rendered":"\n<p>Vor\neiniger Zeit besch\u00e4ftigte ich mich mal wieder mit meinen Werten und stellte mir\ndie Frage, was passiert, wenn ich diese nicht ausleben kann. Einer meiner Werte\nwar dabei Menschen inspirieren zu k\u00f6nnen. Sie ermutigen zu k\u00f6nnen, Neues und\nanderes, bisher nicht Gedachtes zu wagen.&nbsp;<\/p>\n\n\n\n<p>Mir fiel\ndabei auf, dass ich in einem Bereich meines Lebens diesen Wert seit langer Zeit\nvergebens versuchte einzubringen und Menschen einfach nicht bereit waren,\ninspiriert zu werden von mir, oder &#8211; was wohl eher der Fall war &#8211; meine Art von\nInspiration nicht wirklich ankam. Sie wurde vielleicht eher als herausfordernd\nund \u00fcberm\u00fctig, vielleicht blau\u00e4ugig und unpassend angesehen. Die Situation\nfrustrierte mich damals sehr und nahm mir die Freude Menschen in meinem Umfeld\ngenerell zu inspirieren.&nbsp;<\/p>\n\n\n\n<p>Nach\nweiterem Nachdenken merkte ich jedoch: So wie in dem Zitat oben sollte\nInspiration als etwas nat\u00fcrlich Hervorsprie\u00dfendes gesehen werden. Das hei\u00dft\naber auch, dass der G\u00e4rtner wissen muss, welche Rahmenbedingungen die\nverschiedenen Pflanzen in seinem Garten brauchen, um optimal und von selbst zu\nwachsen. Mut und Neues wagen sieht bei jedem anders aus und braucht als\n&#8220;guten Boden\u201c eine Umgebung des Vertrauens, um sich \u00fcberhaupt zu wagen,\nmutig erste Schritte zu gehen. Diese Voraussetzung sollte vor allen Bem\u00fchungen\nbedacht werden.<\/p>\n\n\n\n<p>In\nder oben angesprochenen Situation musste ich also erkennen, dass ich den\nfalschen \u201eD\u00fcnger\u201c nutzte, um zum Vorw\u00e4rtskommen zu inspirieren und dass ich\ndr\u00fccken und ziehen wollte, um die &#8220;Pflanzen&#8221; schneller wachsen zu\nlassen.<\/p>\n\n\n\n<p>Aber\nes hilft keine Einheitsschablone und kein Schieben: Jeder Mensch tickt anders\nund kann sich nur selber zu neuen Schritten entschlie\u00dfen. Diese Einsicht hilft\nmir im Coaching, nicht ins Kategorisieren zu verfallen, sondern Menschen immer\nwieder individuell zu betrachten. Das kostet zwar mehr Zeit, aber bringt auf lange\nSicht auch hundertf\u00e4ltig mehr &#8220;Frucht\u201c hervor, als eine Schablone von (z.B.\nagilen) Methoden blind aufzuerlegen.&nbsp;<\/p>\n\n\n\n<p>Erfolgreich\ninspiriert hei\u00dft ins unternehmerische Umfeld \u00fcbersetzt: Ich kreiere eine h\u00f6here\nMitarbeiterbindung, h\u00f6here Produktivit\u00e4t, schnellere \u201etime to market\u201c durch\nschnellere Entscheidungen und ein starkes Employer wie auch Employee Branding.\nUnd das Gute dabei ist: Einmal inspiriert l\u00e4uft diese Inspirationswelle ganz allein\ndurch das ganze Team, die Abteilung und die ganze Organisation. Das Feuer ist\nentfacht, herzlichen Gl\u00fcckwunsch! Nun braucht es nur noch das Erhalten der\nRahmenbedingung inspirierender Arbeit.<\/p>\n\n\n\n<p>Wissen Sie, wie Sie die manchmal feinen Pfl\u00e4nzchen in Ihrer Umgebung zu Gro\u00dfem inspirieren k\u00f6nnen? Und auf der anderen Seite: Vertrauen Sie Menschen in Ihrem Umfeld genug, um sich von ihnen inspirieren zu lassen? Was fehlt Ihnen daf\u00fcr?<\/p>\n\n\n\n<p>Ihr <a href=\"http:\/\/neu.eden-training.ch\/ueber-uns\/trainer-coaches\/tim-seefeld\/\">Tim Seefeld<\/a><\/p>\n","protected":false},"excerpt":{"rendered":"<p>Vor einiger Zeit besch\u00e4ftigte ich mich mal wieder mit meinen Werten und stellte mir die Frage, was passiert, wenn ich diese nicht ausleben kann. Einer meiner Werte war dabei Menschen inspirieren zu k\u00f6nnen. Sie ermutigen zu k\u00f6nnen, Neues und anderes, bisher nicht Gedachtes zu wagen.&nbsp; Mir fiel dabei auf, dass ich in einem Bereich meines Lebens diesen Wert seit langer&nbsp;&hellip;<\/p>\n","protected":false},"author":2,"featured_media":692,"comment_status":"open","ping_status":"open","sticky":false,"template":"","format":"standard","meta":[],"categories":[1],"tags":[],"_links":{"self":[{"href":"https:\/\/eden-life.ch\/index.php?rest_route=\/wp\/v2\/posts\/690"}],"collection":[{"href":"https:\/\/eden-life.ch\/index.php?rest_route=\/wp\/v2\/posts"}],"about":[{"href":"https:\/\/eden-life.ch\/index.php?rest_route=\/wp\/v2\/types\/post"}],"author":[{"embeddable":true,"href":"https:\/\/eden-life.ch\/index.php?rest_route=\/wp\/v2\/users\/2"}],"replies":[{"embeddable":true,"href":"https:\/\/eden-life.ch\/index.php?rest_route=%2Fwp%2Fv2%2Fcomments&post=690"}],"version-history":[{"count":1,"href":"https:\/\/eden-life.ch\/index.php?rest_route=\/wp\/v2\/posts\/690\/revisions"}],"predecessor-version":[{"id":691,"href":"https:\/\/eden-life.ch\/index.php?rest_route=\/wp\/v2\/posts\/690\/revisions\/691"}],"wp:featuredmedia":[{"embeddable":true,"href":"https:\/\/eden-life.ch\/index.php?rest_route=\/wp\/v2\/media\/692"}],"wp:attachment":[{"href":"https:\/\/eden-life.ch\/index.php?rest_route=%2Fwp%2Fv2%2Fmedia&parent=690"}],"wp:term":[{"taxonomy":"category","embeddable":true,"href":"https:\/\/eden-life.ch\/index.php?rest_route=%2Fwp%2Fv2%2Fcategories&post=690"},{"taxonomy":"post_tag","embeddable":true,"href":"https:\/\/eden-life.ch\/index.php?rest_route=%2Fwp%2Fv2%2Ftags&post=690"}],"curies":[{"name":"wp","href":"https:\/\/api.w.org\/{rel}","templated":true}]}}