{"id":415,"date":"2017-06-09T06:36:29","date_gmt":"2017-06-09T06:36:29","guid":{"rendered":"http:\/\/eden-life.ch\/?p=415"},"modified":"2017-06-09T06:36:29","modified_gmt":"2017-06-09T06:36:29","slug":"vielfalt-ist-die-wurze-des-lebens","status":"publish","type":"post","link":"https:\/\/eden-life.ch\/?p=415","title":{"rendered":"Vielfalt ist die W\u00fcrze des Lebens"},"content":{"rendered":"<div><b class=\"\">Vielfalt als Lebens- W\u00fcrze&#8230;. ?<\/b><\/p>\n<div class=\"\"><\/div>\n<div class=\"\">Das erste was mir in den Sinn kommt ist: &#8220;<i><b>Ja aber viele K\u00f6che verderben doch bekanntlich den Brei!\u201c<\/b><\/i><\/div>\n<div class=\"\"><\/div>\n<div class=\"\">Und zu w\u00fcrzig ist auch nicht gut, denn da verbrennt man sich den Mund. Zu\u00a0vielf\u00e4ltig sollte es daher also auch nicht sein.<\/div>\n<div class=\"\"><\/div>\n<div class=\"\"><b>Und doch<\/b>: Unser Leben braucht neue Impulse, Ver\u00e4nderung, Erneuerung, Vielfalt. Eine\u00a0Schlussfolgerung k\u00f6nnte sein, das nicht jeder gleich viel Neuheit, Vielfalt oder W\u00fcrze braucht wie Andere.\u00a0Klar ist aber, dass ohne jegliche W\u00fcrze kein Essen wirklich gut schmeckt! Somit ist jeder f\u00fcr dich gefordert, seine Alltag angemessen mit Vielfalt zu w\u00fcrzen.\u00a0Schon die Bibel hat dazu einen weisen Rat parat:\u00a0<b><i>&#8220;Pr\u00fcfet alles, aber das Gute behaltet!&#8221;<\/i><\/b><\/div>\n<div class=\"\"><\/div>\n<div class=\"\">Ich darf also Neues\/Anderes ausprobieren und es selbst erforschen. In kleinen f\u00fcr mich passenden Schritten. Zu diesen Schritten wollen wir in EDEN animieren und ermutigen: Damit nicht andere Menschen die W\u00fcrze in deinem Leben bestimmen, sondern du selbst!<\/div>\n<div class=\"\"><\/div>\n<\/div>\n<div class=\"\">Viel Freude beim abschmecken, Gew\u00fcrze und Rezepte ausprobieren. Lass dir das Leben schmecken<\/div>\n<div class=\"\"><\/div>\n<div class=\"\"><a href=\"http:\/\/www.eden-training.ch\/wp-content\/uploads\/2015\/04\/Tim-Seefeld_Trainer_Beraterprofil.compressed.pdf\" target=\"_blank\">Tim Seefeld<\/a><\/div>\n","protected":false},"excerpt":{"rendered":"<p>Vielfalt als Lebens- W\u00fcrze&#8230;. ? Das erste was mir in den Sinn kommt ist: &#8220;Ja aber viele K\u00f6che verderben doch bekanntlich den Brei!\u201c Und zu w\u00fcrzig ist auch nicht gut, denn da verbrennt man sich den Mund. Zu\u00a0vielf\u00e4ltig sollte es daher also auch nicht sein. Und doch: Unser Leben braucht neue Impulse, Ver\u00e4nderung, Erneuerung, Vielfalt. Eine\u00a0Schlussfolgerung k\u00f6nnte sein, das nicht&nbsp;&hellip;<\/p>\n","protected":false},"author":2,"featured_media":422,"comment_status":"open","ping_status":"open","sticky":false,"template":"","format":"standard","meta":[],"categories":[1],"tags":[],"_links":{"self":[{"href":"https:\/\/eden-life.ch\/index.php?rest_route=\/wp\/v2\/posts\/415"}],"collection":[{"href":"https:\/\/eden-life.ch\/index.php?rest_route=\/wp\/v2\/posts"}],"about":[{"href":"https:\/\/eden-life.ch\/index.php?rest_route=\/wp\/v2\/types\/post"}],"author":[{"embeddable":true,"href":"https:\/\/eden-life.ch\/index.php?rest_route=\/wp\/v2\/users\/2"}],"replies":[{"embeddable":true,"href":"https:\/\/eden-life.ch\/index.php?rest_route=%2Fwp%2Fv2%2Fcomments&post=415"}],"version-history":[{"count":2,"href":"https:\/\/eden-life.ch\/index.php?rest_route=\/wp\/v2\/posts\/415\/revisions"}],"predecessor-version":[{"id":431,"href":"https:\/\/eden-life.ch\/index.php?rest_route=\/wp\/v2\/posts\/415\/revisions\/431"}],"wp:featuredmedia":[{"embeddable":true,"href":"https:\/\/eden-life.ch\/index.php?rest_route=\/wp\/v2\/media\/422"}],"wp:attachment":[{"href":"https:\/\/eden-life.ch\/index.php?rest_route=%2Fwp%2Fv2%2Fmedia&parent=415"}],"wp:term":[{"taxonomy":"category","embeddable":true,"href":"https:\/\/eden-life.ch\/index.php?rest_route=%2Fwp%2Fv2%2Fcategories&post=415"},{"taxonomy":"post_tag","embeddable":true,"href":"https:\/\/eden-life.ch\/index.php?rest_route=%2Fwp%2Fv2%2Ftags&post=415"}],"curies":[{"name":"wp","href":"https:\/\/api.w.org\/{rel}","templated":true}]}}