{"id":33,"date":"2014-10-03T08:44:09","date_gmt":"2014-10-03T08:44:09","guid":{"rendered":"http:\/\/eden-life.ch\/?p=33"},"modified":"2014-10-24T08:40:16","modified_gmt":"2014-10-24T08:40:16","slug":"nebelschwaden","status":"publish","type":"post","link":"https:\/\/eden-life.ch\/?p=33","title":{"rendered":"Nebelschwaden"},"content":{"rendered":"<p>Morgen fr\u00fch. Es hat noch <b>Nebelschwaden \u00fcber dem See<\/b>. Mit dem Kaffe neben mir auf dem Schreibtisch, starte ich meinen Computer um meine Emails zu checken. \u201cMeine Kr\u00e4fte so einteilen k\u00f6nnen, dass <b>Energie<\/b> \u00fcbrigbleibt f\u00fcr das <b>Privatleben<\/b>. Ich will wieder einmal etwas unternehmen, das mir so richtig <b>Spass<\/b> macht.\u201d Mit diesen Worten beschreibt eine Kundin ihr Thema f\u00fcr eine anstehende <b>Coaching Session<\/b>. T\u00f6nt bekannt. H\u00f6re ich oft. Und macht mich in diesem Moment gerade selbst sehr betroffen. Denn diese Situation kenne ich aus meinem <b>vollen Arbeits- und Mutteralltag<\/b> nur allzu gut.<\/p>\n<p>Allzeit bereit &#8211; allzeit erfolgreich &#8211; voller Einsatz mit einem L\u00e4cheln auf dem Gesicht. Wohin ich auch schaue &#8211; wir sind eine vielseitig interessierte, engagierte und aktive Gesellschaft von Gewinnern. Jedenfalls pr\u00e4sentiert sich uns die Welt auf diese Art auf Facebook, in den Medien, der Werbung, den Jobinseraten\u2026 Diese Lebenseinstellung haben wir verinnerlicht. So geben wir \u00fcberall dort, wo wir uns engagieren, einen mindestens <b>100%-igen Einsatz<\/b>. Und die Schaupl\u00e4tze sind nicht wenige: Arbeit, Sport, Freunde, Familie, Hobbies, Projekte, Volunt\u00e4rarbeit\u2026. you name it.<\/p>\n<p>Egal wo ich mich mit Menschen unterhalte, ob in den Teppichetagen mit F\u00fchrungskr\u00e4ften oder Mamis auf den Spielpl\u00e4tzen, der Grundtenor ist stets der gleiche: das Leben ist schnell, spannend, abwechslugnsreich, vollgepackt mit lauter wichtigen und tollen Dingen. Doch die nicht enden wollende <b>Aneinanderreihung von M\u00f6glichkeiten und Aktivit\u00e4ten<\/b> l\u00f6st kaum mehr ungetr\u00fcbte Freude aus, sondern wird als <b>Druck<\/b> empfunden. Was l\u00e4uft hier falsch? Die Antwort ist weder einfach noch f\u00fcr jeden gleich. Jedes Mal wenn ich im Coaching mit einem Coachee nach neuen Wegen f\u00fcr <b>mehr Energie, Freude und Genuss<\/b> im Leben suche, stellt sich mir die Frage auch selbst. Denn auch ich sehe oft vor lauter B\u00e4umen den Wald nicht mehr. Und so entscheide ich mich heute in der Vorbereitung auf das anstehende Coaching:<\/p>\n<p>In Zukunft werde ich an meinen Arbeitstagen meinen Kaffe nicht mehr w\u00e4hrend des Email-lesens trinken, sondern mit <b>Blick \u00fcber den See<\/b>, den Nebelschwaden folgend, welche nun in den n\u00e4chsten Wochen immer \u00f6fters die k\u00fchler werdenden Herbsttage ank\u00fcnden werden. So wird mein Morgenkaffe wieder zu einem <b>Genuss-volleren Moment <\/b>und der Herbst zu einer freudigen Angelegenheit! Die Agenda und die Verantwortungen werden dadurch zwar nicht kleiner, aber ich trainiere mich in <b>bewusstem Genuss<\/b> und einer kurzen <b>Zeit des Innehaltens<\/b>. Das tut mir gut &#8211; ist nur f\u00fcr mich &#8211; und unterbricht f\u00fcr einen kurzen Moment die Hektik des Alltags.<\/p>\n","protected":false},"excerpt":{"rendered":"<p>Morgen fr\u00fch. Es hat noch Nebelschwaden \u00fcber dem See. Mit dem Kaffe neben mir auf dem Schreibtisch, starte ich meinen Computer um meine Emails zu checken. \u201cMeine Kr\u00e4fte so einteilen k\u00f6nnen, dass Energie \u00fcbrigbleibt f\u00fcr das Privatleben. Ich will wieder einmal etwas unternehmen, das mir so richtig Spass macht.\u201d Mit diesen Worten beschreibt eine Kundin ihr Thema f\u00fcr eine anstehende&nbsp;&hellip;<\/p>\n","protected":false},"author":5,"featured_media":107,"comment_status":"open","ping_status":"open","sticky":false,"template":"","format":"standard","meta":[],"categories":[1],"tags":[],"_links":{"self":[{"href":"https:\/\/eden-life.ch\/index.php?rest_route=\/wp\/v2\/posts\/33"}],"collection":[{"href":"https:\/\/eden-life.ch\/index.php?rest_route=\/wp\/v2\/posts"}],"about":[{"href":"https:\/\/eden-life.ch\/index.php?rest_route=\/wp\/v2\/types\/post"}],"author":[{"embeddable":true,"href":"https:\/\/eden-life.ch\/index.php?rest_route=\/wp\/v2\/users\/5"}],"replies":[{"embeddable":true,"href":"https:\/\/eden-life.ch\/index.php?rest_route=%2Fwp%2Fv2%2Fcomments&post=33"}],"version-history":[{"count":1,"href":"https:\/\/eden-life.ch\/index.php?rest_route=\/wp\/v2\/posts\/33\/revisions"}],"predecessor-version":[{"id":36,"href":"https:\/\/eden-life.ch\/index.php?rest_route=\/wp\/v2\/posts\/33\/revisions\/36"}],"wp:featuredmedia":[{"embeddable":true,"href":"https:\/\/eden-life.ch\/index.php?rest_route=\/wp\/v2\/media\/107"}],"wp:attachment":[{"href":"https:\/\/eden-life.ch\/index.php?rest_route=%2Fwp%2Fv2%2Fmedia&parent=33"}],"wp:term":[{"taxonomy":"category","embeddable":true,"href":"https:\/\/eden-life.ch\/index.php?rest_route=%2Fwp%2Fv2%2Fcategories&post=33"},{"taxonomy":"post_tag","embeddable":true,"href":"https:\/\/eden-life.ch\/index.php?rest_route=%2Fwp%2Fv2%2Ftags&post=33"}],"curies":[{"name":"wp","href":"https:\/\/api.w.org\/{rel}","templated":true}]}}