{"id":117,"date":"2014-04-03T09:05:48","date_gmt":"2014-04-03T09:05:48","guid":{"rendered":"http:\/\/eden-life.ch\/?p=117"},"modified":"2014-10-24T09:26:25","modified_gmt":"2014-10-24T09:26:25","slug":"wirklich-frei-sein","status":"publish","type":"post","link":"https:\/\/eden-life.ch\/?p=117","title":{"rendered":"Wirklich frei sein"},"content":{"rendered":"<p>Nelson Mandela\u2019s Leben ist wie kaum ein anderes verkn\u00fcpft mit der Freiheits-Thematik. Er k\u00e4mpfte nicht nur f\u00fcr die Freiheit und Gleichberechtigung seiner schwarzen Mitb\u00fcrger, sondern verk\u00f6rperte auch eine authentische, von innerer Freiheit gepr\u00e4gte, Leiterschaft, die seine Mitmenschen faszinierte und ber\u00fchrte.<\/p>\n<p>Trotz fast dreier Jahrzehnte als H\u00e4ftling in einer Gef\u00e4gniszelle und vielf\u00e4ltiger erniedrigenden und gewaltvollen Erfahrungen, lief er als innerlich freier Mann in die \u00e4ussere Freiheit:<\/p>\n<p><strong><em>\u201cAls ich aus der Zelle durch die T\u00fcr in Richtung Freiheit ging, wusste ich, dass ich meine Verbitterung und meinen Hass zur\u00fccklassen musste, oder ich w\u00fcrde mein Leben lang gefangen bleiben.\u201c (Nelson Mandela)<\/em><\/strong><\/p>\n<p>Welche inneren Dialoge haben wir, wenn wir uns in Herausforderungen und Schicksalsschl\u00e4gen widerfinden? <em>Wieso ich? Was habe ich falsch gemacht? Womit habe ich das verdient? <\/em>Wie automatisch dr\u00e4ngen sich solche Fragen auf und wir ahnen meist nicht, wie zerst\u00f6rerisch sie f\u00fcr unser Selbstvertrauen effektiv sind. Denn diese Fragen schauen zur\u00fcck und berauben uns unserer inneren Freiheit und lassen uns als Opfer einer \u201cb\u00f6sen Welt\u201d zur\u00fcck. Wenn wir uns aber selbst aus dem Mittelpunkt herausnehmen, richtet sich unser Blickwinkel nach vorne und wir k\u00f6nnen andere Fragen stellen: <em>Was kann ich aus dieser Situation lernen? Wozu k\u00f6nnte ich die gemachte Erfahrung nutzen? Welchen Sinn, welche Bedeutung k\u00f6nnte ich ihr abgewinnen?<\/em><\/p>\n<p>Die Frage des <strong>\u201cWozu?\u201d statt des \u201cWarum?\u201d<\/strong> erm\u00f6glicht uns Sinnhaftigkeit und pers\u00f6nlichen Wert auch in \u00e4usserst schwierigen Situationen zu finden.<\/p>\n<p><strong><em>\u201cAls erstes musst du ehrlich zu dir selbst sein. Du wirst nie einen Einfluss auf die Gesellschaft haben, wenn du nicht dich selbst \u00e4nderst. Alle Friedensk\u00e4mpfer sind Leute, die Integrit\u00e4t, Ehrlichkeit aber vor allem Menschlichkeit nicht nur verstehen, sondern leben.\u201c Nelson Mandela<\/em><\/strong><\/p>\n","protected":false},"excerpt":{"rendered":"<p>Nelson Mandela\u2019s Leben ist wie kaum ein anderes verkn\u00fcpft mit der Freiheits-Thematik. Er k\u00e4mpfte nicht nur f\u00fcr die Freiheit und Gleichberechtigung seiner schwarzen Mitb\u00fcrger, sondern verk\u00f6rperte auch eine authentische, von innerer Freiheit gepr\u00e4gte, Leiterschaft, die seine Mitmenschen faszinierte und ber\u00fchrte. Trotz fast dreier Jahrzehnte als H\u00e4ftling in einer Gef\u00e4gniszelle und vielf\u00e4ltiger erniedrigenden und gewaltvollen Erfahrungen, lief er als innerlich freier&nbsp;&hellip;<\/p>\n","protected":false},"author":5,"featured_media":118,"comment_status":"open","ping_status":"open","sticky":false,"template":"","format":"standard","meta":[],"categories":[15,17,2],"tags":[],"_links":{"self":[{"href":"https:\/\/eden-life.ch\/index.php?rest_route=\/wp\/v2\/posts\/117"}],"collection":[{"href":"https:\/\/eden-life.ch\/index.php?rest_route=\/wp\/v2\/posts"}],"about":[{"href":"https:\/\/eden-life.ch\/index.php?rest_route=\/wp\/v2\/types\/post"}],"author":[{"embeddable":true,"href":"https:\/\/eden-life.ch\/index.php?rest_route=\/wp\/v2\/users\/5"}],"replies":[{"embeddable":true,"href":"https:\/\/eden-life.ch\/index.php?rest_route=%2Fwp%2Fv2%2Fcomments&post=117"}],"version-history":[{"count":1,"href":"https:\/\/eden-life.ch\/index.php?rest_route=\/wp\/v2\/posts\/117\/revisions"}],"predecessor-version":[{"id":119,"href":"https:\/\/eden-life.ch\/index.php?rest_route=\/wp\/v2\/posts\/117\/revisions\/119"}],"wp:featuredmedia":[{"embeddable":true,"href":"https:\/\/eden-life.ch\/index.php?rest_route=\/wp\/v2\/media\/118"}],"wp:attachment":[{"href":"https:\/\/eden-life.ch\/index.php?rest_route=%2Fwp%2Fv2%2Fmedia&parent=117"}],"wp:term":[{"taxonomy":"category","embeddable":true,"href":"https:\/\/eden-life.ch\/index.php?rest_route=%2Fwp%2Fv2%2Fcategories&post=117"},{"taxonomy":"post_tag","embeddable":true,"href":"https:\/\/eden-life.ch\/index.php?rest_route=%2Fwp%2Fv2%2Ftags&post=117"}],"curies":[{"name":"wp","href":"https:\/\/api.w.org\/{rel}","templated":true}]}}